{"id":381,"date":"2026-04-25T16:40:02","date_gmt":"2026-04-25T14:40:02","guid":{"rendered":"https:\/\/www.ehbizirik.eus\/eu\/?p=381"},"modified":"2026-04-26T20:06:55","modified_gmt":"2026-04-26T18:06:55","slug":"lurraren-defentsa-larrialdi-ekologikoa-gainditzeko-ezinbesteko-borroka","status":"publish","type":"post","link":"https:\/\/www.ehbizirik.eus\/es\/lurraren-defentsa-larrialdi-ekologikoa-gainditzeko-ezinbesteko-borroka\/","title":{"rendered":"La defensa de la tierra: Una lucha vital para superar la emergencia ecol\u00f3gica"},"content":{"rendered":"<h4><strong>Resumen:<\/strong><\/h4>\n\n\n<p style=\"margin-top:var(--wp--preset--spacing--40);margin-bottom:var(--wp--preset--spacing--40)\">Los profundos cambios que estamos provocando en los ecosistemas imprescindibles para la supervivencia de la vida humana nos han tra\u00eddo a la crisis ecol\u00f3gica que vivimos en la actualidad. 7 de los 9 l\u00edmites biof\u00edsicos se encuentran fuera de la zona segura, y el origen de estas alteraciones biof\u00edsicas se debe, sin duda, a la forma en que el ser humano se relaciona con el medio natural.\n<\/p>\n\n\n\n<p style=\"margin-top:var(--wp--preset--spacing--40);margin-bottom:var(--wp--preset--spacing--40)\">La agricultura industrial e intensiva, por ejemplo, ha provocado la alteraci\u00f3n de los ciclos del nitr\u00f3geno y del f\u00f3sforo, la desertificaci\u00f3n, la p\u00e9rdida de biodiversidad y graves problemas en la disponibilidad de agua dulce. Con las innovaciones t\u00e9cnicas y el crecimiento econ\u00f3mico constante que exige el capitalismo, se intensific\u00f3 el uso de estas t\u00e9cnicas para aumentar cada vez m\u00e1s, o al menos no disminuir, la producci\u00f3n de las tierras.\n<\/p>\n\n\n\n<p style=\"margin-top:var(--wp--preset--spacing--40);margin-bottom:var(--wp--preset--spacing--40)\">Lejos de tratar este asunto como una problem\u00e1tica aislada, a la hora de analizar c\u00f3mo hemos llegado a esta situaci\u00f3n de emergencia es imprescindible prestar especial atenci\u00f3n a dos fen\u00f3menos o din\u00e1micas que han revolucionado la relaci\u00f3n del ser humano con su entorno natural: el crecimiento econ\u00f3mico constante y el uso masivo de combustibles f\u00f3siles. El capitalismo es un modelo econ\u00f3mico que permite acumular cada vez m\u00e1s riqueza producida por el ser humano en menos manos. El desastre ecol\u00f3gico causado por este modelo en tan poco tiempo no puede entenderse sin el uso desmedido de combustibles f\u00f3siles.\n<\/p>\n\n\n\n<p style=\"margin-top:var(--wp--preset--spacing--40);margin-bottom:var(--wp--preset--spacing--40)\">Para mantener los niveles actuales de producci\u00f3n y consumo, los combustibles f\u00f3siles son imprescindibles. Al contrario de lo que algunos quieren hacer creer, debemos tener claro que para superar la emergencia ecol\u00f3gica no basta con cambiar la matriz energ\u00e9tica que sustenta la sociedad actual. No es suficiente y, adem\u00e1s, no es posible mientras no se cuestione el actual modelo de producci\u00f3n y consumo.\n<\/p>\n\n\n\n<p style=\"margin-top:var(--wp--preset--spacing--40);margin-bottom:var(--wp--preset--spacing--40)\">Tres hechos resultan evidentes: que la emergencia clim\u00e1tica est\u00e1 provocando consecuencias catastr\u00f3ficas para la mayor parte de la poblaci\u00f3n mundial, que la tendencia a la desestabilizaci\u00f3n clim\u00e1tica es una tendencia t\u00e9cnicamente reversible y que si se sigue ahondando en el problema es porque la \u00e9lite pol\u00edtico-econ\u00f3mica sigue priorizando la ganancia burguesa al bienestar global.  Por ello, resulta inveros\u00edmil que los responsables directos de esta cat\u00e1strofe sean, precisamente, los que est\u00e1n abanderando el discurso de combatirla. Con esl\u00f3ganes como Green New Deal, se ha tratado de asimilar la urgencia de la emergencia clim\u00e1tica, haciendo hincapi\u00e9 en la necesidad de llevar a cabo una industrializaci\u00f3n \u00abverde\u00bb. As\u00ed, han acotado la emergencia ecol\u00f3gica a la clim\u00e1tica, con la que pretenden lograr la paz social y activar un nicho de mercado.\n<\/p>\n\n\n\n<p style=\"margin-top:var(--wp--preset--spacing--40);margin-bottom:var(--wp--preset--spacing--40)\">De acuerdo a esta l\u00f3gica, son muchos macroproyectos que merecen ser se\u00f1alados: el TAV, el electrolizador de Petronor, la incineradora de Olazti, la interconexi\u00f3n el\u00e9ctrica de Gatika, las l\u00edneas de alta tensi\u00f3n, etc. Todos ellos tienen como prioridad la l\u00f3gica del beneficio econ\u00f3mico, y no el bienestar social. La Agencia Europea de Medio Ambiente afirma que entre 2012 y 2018 se artificializaron 400 km\u00b2 al a\u00f1o y se perdieron un bill\u00f3n de toneladas de suelo como consecuencia de la erosi\u00f3n. Este dato por s\u00ed solo pone de manifiesto la gravedad de la situaci\u00f3n actual.\n<\/p>\n\n\n\n<p style=\"margin-top:var(--wp--preset--spacing--40);margin-bottom:var(--wp--preset--spacing--40)\">La lucha por la defensa de la tierra es, en definitiva, una lucha por la defensa de la naturaleza, y queremos subrayar su importancia en el contexto actual. Mientras no seamos capaces de ofrecer una alternativa real al modelo econ\u00f3mico actual, creemos que es imprescindible hacer frente a la destrucci\u00f3n del medio natural que instituciones y empresarios pretenden llevar a cabo.\n<\/p>\n\n\n\n<p style=\"margin-top:var(--wp--preset--spacing--40);margin-bottom:var(--wp--preset--spacing--40)\">Los agentes que suscribimos este manifiesto tenemos claro que, frente a las imposiciones de pol\u00edticos y empresarios y con el objetivo de proteger la justicia social y la naturaleza, seguiremos defendiendo la tierra.\n<\/p>\n\n\n<h4><strong>Manifiesto:<\/strong><\/h4>\n<ul>\n<li><a href=\"https:\/\/www.ehbizirik.eus\/wp-content\/uploads\/Lurraren_Defentsa_eus.pdf\" target=\"_blank\" rel=\"noopener\">Euskera (PDF)<\/a><\/li>\n<li><a href=\"https:\/\/www.ehbizirik.eus\/wp-content\/uploads\/Lurraren_Defentsa_cas.pdf\" target=\"_blank\" rel=\"noopener\">Castellano (PDF)<\/a><\/li>\n<\/ul>\n<p>\u00a0<\/p>\n<h4><strong>Adhesiones:<\/strong><\/h4>\n\n\n<p style=\"margin-top:var(--wp--preset--spacing--40);margin-bottom:var(--wp--preset--spacing--40)\">AHT Gelditu! Nafarroa \u00b7 AHTrik Ez Arabako Haranak \u00b7 AHTrik Ez Lautada \u00b7 Aiaraldeko Mendiak Bizirik \u00b7 Amasamendi Bizirik \u00b7 Araba Bizirik \u00b7 Arabako Errioxa Bizirik \u00b7 Arabako Mendiak Aske \u00b7 Aramaixo Bizirik \u00b7 Baserritarren Bilgunea \u00b7 Bianditz-Domiko Bizirik \u00b7 Biharko Lautada \u00b7 Biolur \u00b7 Cabez\u00f3n de Etxauri Bizirik \u00b7 Dikerik Ez \u00b7 Eguzki Talde Ekologista \u00b7 EHKOlektiboa \u00b7 Ekologistak Martxan Gipuzkoa \u00b7 Ekologistak Martxan Lizarraldea \u00b7 Enkarterrin Makro Eolikorik Ez \u00b7 Erdiz Bizirik \u00b7 Errezil Bizirik \u00b7 Guggenheim Urdaibai Stop \u00b7 Gure Haizea \u00b7 Haizeak Bizirik \u00b7 Horrela Ez Badaiotz \u00b7 Horrela Ez Iru\u00f1a Oka \u00b7 Horrela ez Valdegovia-Gaubea \u00b7 Ingenier\u00eda Sin Fronteras \u00b7 Interkonexio Elektrikorik Ez \u00b7 Legutio Borrokan \u00b7 Makatzak Arratiako Ekologistak \u00b7 Meaka Irimo Herri-plataforma \u00b7 Nafarroako Hazi Sarea \u00b7 NET-TEN \u00b7 OSTIA sarea \u00b7 Por Trespuentes \u00b7 Proiektu Honi Ez! (Arratzua-Ubarrundia) \u00b7 Sakana Bizirik \u00b7 Sa\u00f1u Bizirik \u00b7 SOS Margarita \u00b7 SOS Sollube \u00b7 Stop Variante Las Karreras \u00b7 Sustrai Erakuntza \u00b7 Urbasa-Andia Bizirik \u00b7 Urola Bizirik \u00b7 Urumeako Mendiak Bizirik \u00b7 Zazpe \u00b7 Zumaiako Natur Taldea\n<\/p>\n\n\n\n<p class=\"has-medium-font-size\">Para mostrar adhesi\u00f3n escribir a la direcci\u00f3n <a href=\"mailto:harremanak@ehbizirik.eus\">harremanak@ehbizirik.eus<\/a>.<\/p>\n","protected":false},"excerpt":{"rendered":"<p>Resumen: Los profundos cambios que estamos provocando en los ecosistemas imprescindibles para la supervivencia de la vida humana nos han tra\u00eddo a la crisis ecol\u00f3gica que vivimos en la actualidad. 7 de los 9 l\u00edmites biof\u00edsicos se encuentran fuera de la zona segura, y el origen de estas alteraciones biof\u00edsicas se debe, sin duda, a [&hellip;]<\/p>\n","protected":false},"author":2,"featured_media":396,"comment_status":"closed","ping_status":"closed","sticky":false,"template":"","format":"standard","meta":{"footnotes":""},"categories":[4,5],"tags":[7],"class_list":["post-381","post","type-post","status-publish","format-standard","has-post-thumbnail","hentry","category-adierazpenak","category-gaurkotasuna","tag-euskal-herria-bizirik"],"_links":{"self":[{"href":"https:\/\/www.ehbizirik.eus\/es\/wp-json\/wp\/v2\/posts\/381","targetHints":{"allow":["GET"]}}],"collection":[{"href":"https:\/\/www.ehbizirik.eus\/es\/wp-json\/wp\/v2\/posts"}],"about":[{"href":"https:\/\/www.ehbizirik.eus\/es\/wp-json\/wp\/v2\/types\/post"}],"author":[{"embeddable":true,"href":"https:\/\/www.ehbizirik.eus\/es\/wp-json\/wp\/v2\/users\/2"}],"replies":[{"embeddable":true,"href":"https:\/\/www.ehbizirik.eus\/es\/wp-json\/wp\/v2\/comments?post=381"}],"version-history":[{"count":15,"href":"https:\/\/www.ehbizirik.eus\/es\/wp-json\/wp\/v2\/posts\/381\/revisions"}],"predecessor-version":[{"id":404,"href":"https:\/\/www.ehbizirik.eus\/es\/wp-json\/wp\/v2\/posts\/381\/revisions\/404"}],"wp:featuredmedia":[{"embeddable":true,"href":"https:\/\/www.ehbizirik.eus\/es\/wp-json\/wp\/v2\/media\/396"}],"wp:attachment":[{"href":"https:\/\/www.ehbizirik.eus\/es\/wp-json\/wp\/v2\/media?parent=381"}],"wp:term":[{"taxonomy":"category","embeddable":true,"href":"https:\/\/www.ehbizirik.eus\/es\/wp-json\/wp\/v2\/categories?post=381"},{"taxonomy":"post_tag","embeddable":true,"href":"https:\/\/www.ehbizirik.eus\/es\/wp-json\/wp\/v2\/tags?post=381"}],"curies":[{"name":"wp","href":"https:\/\/api.w.org\/{rel}","templated":true}]}}